{"id":12049,"date":"2019-06-12T21:33:21","date_gmt":"2019-06-12T19:33:21","guid":{"rendered":"http:\/\/www.brg14.at\/?p=12049"},"modified":"2019-11-25T18:01:16","modified_gmt":"2019-11-25T16:01:16","slug":"4-klassen-exkursionen-zur-gedenkstaette-mauthausen-die-hoffnung-auf-das-nie-wieder","status":"publish","type":"post","link":"https:\/\/www.brg14.at\/?p=12049","title":{"rendered":"4.-Klassen-Exkursionen zur Gedenkst\u00e4tte Mauthausen:  Die Hoffnung auf das \u201cNie wieder!\u201d"},"content":{"rendered":"<p>Die Auseinandersetzung mit dem Schwerpunkt Verfolgung, Shoah und Genozid w\u00e4hrend des Nationalsozialismus findet am BRG 14 in unterschiedlichen Unterrichtsf\u00e4chern statt. Fixer Bestandteil des GSK\/PB-Unterrichtes (Geschichte, Sozialkunde und Politische Bildung) ist es, dass jedes Jahr die 4. Klassen zur Gedenkst\u00e4tte Mauthausen fahren. Einige Lehrerinnen und Lehrer entscheiden sich, daneben \u00fcberdies den Gedenk- und Lernort Hartheim zu besuchen. 7. Klassen begeben sich bei Interesse zus\u00e4tzlich zur Gedenkst\u00e4tte Gusen.<br \/>\nAuch heuer waren dankenswerterweise wieder einige Sch\u00fclerinnen und Sch\u00fcler bereit, ihre Eindr\u00fccke vom Besuch der Gedenkst\u00e4tte Mauthausen zu teilen. Sehr eindringlich erscheinen ihre Appelle, Verbrechen, wie sie im Namen des Nationalsozialismus begangen wurden, nie wieder zuzulassen. Iza, 4a, dr\u00fcckt es folgenderma\u00dfen aus: \u201c[\u2026] ich will nur hoffen, dass die Menschheit daraus gelernt hat und alles daf\u00fcr unternimmt, um einen solchen Fehler nie wieder zu begehen\u201d.<\/p>\n<p>Die Texte findet ihr, finden Sie <a href=\"http:\/\/www.brg14.at\/wp-content\/uploads\/Mauthausen-Memorial-2019-Teil-II.pdf\"rel=\"\" target=\"_blank\">hier<\/a>.<\/p>\nngg_shortcode_0_placeholder\n","protected":false},"excerpt":{"rendered":"<p>Die Auseinandersetzung mit dem Schwerpunkt Verfolgung, Shoah und Genozid w\u00e4hrend des Nationalsozialismus findet am BRG 14 in unterschiedlichen Unterrichtsf\u00e4chern statt. Fixer Bestandteil des GSK\/PB-Unterrichtes (Geschichte, Sozialkunde und Politische Bildung) ist es, dass jedes Jahr die 4. Klassen zur Gedenkst\u00e4tte Mauthausen &hellip; <a class=\"more-link\" href=\"https:\/\/www.brg14.at\/?p=12049\">WEITERLESEN &#8230;<\/a><\/p>\n","protected":false},"author":3,"featured_media":0,"comment_status":"closed","ping_status":"closed","sticky":false,"template":"","format":"standard","meta":{"ngg_post_thumbnail":0,"footnotes":""},"categories":[1],"tags":[],"class_list":["post-12049","post","type-post","status-publish","format-standard","hentry","category-allgemein"],"_links":{"self":[{"href":"https:\/\/www.brg14.at\/index.php?rest_route=\/wp\/v2\/posts\/12049","targetHints":{"allow":["GET"]}}],"collection":[{"href":"https:\/\/www.brg14.at\/index.php?rest_route=\/wp\/v2\/posts"}],"about":[{"href":"https:\/\/www.brg14.at\/index.php?rest_route=\/wp\/v2\/types\/post"}],"author":[{"embeddable":true,"href":"https:\/\/www.brg14.at\/index.php?rest_route=\/wp\/v2\/users\/3"}],"replies":[{"embeddable":true,"href":"https:\/\/www.brg14.at\/index.php?rest_route=%2Fwp%2Fv2%2Fcomments&post=12049"}],"version-history":[{"count":1,"href":"https:\/\/www.brg14.at\/index.php?rest_route=\/wp\/v2\/posts\/12049\/revisions"}],"predecessor-version":[{"id":12075,"href":"https:\/\/www.brg14.at\/index.php?rest_route=\/wp\/v2\/posts\/12049\/revisions\/12075"}],"wp:attachment":[{"href":"https:\/\/www.brg14.at\/index.php?rest_route=%2Fwp%2Fv2%2Fmedia&parent=12049"}],"wp:term":[{"taxonomy":"category","embeddable":true,"href":"https:\/\/www.brg14.at\/index.php?rest_route=%2Fwp%2Fv2%2Fcategories&post=12049"},{"taxonomy":"post_tag","embeddable":true,"href":"https:\/\/www.brg14.at\/index.php?rest_route=%2Fwp%2Fv2%2Ftags&post=12049"}],"curies":[{"name":"wp","href":"https:\/\/api.w.org\/{rel}","templated":true}]}}