{"id":12096,"date":"2019-06-23T10:10:01","date_gmt":"2019-06-23T08:10:01","guid":{"rendered":"http:\/\/www.brg14.at\/?p=12096"},"modified":"2019-11-25T18:01:07","modified_gmt":"2019-11-25T16:01:07","slug":"reise-unseres-schulchores-nach-juelich","status":"publish","type":"post","link":"https:\/\/www.brg14.at\/?p=12096","title":{"rendered":"Reise unseres Schulchores nach J\u00fclich"},"content":{"rendered":"<p>Schon vor drei Jahren hatte der Chor auf der Fahrt zu einem Festival nach Belgien den Chor des M\u00e4dchengymnasiums J\u00fclich kennen und sch\u00e4tzen gelernt. Nun besuchte er (Do, 30.5. \u2013 Di, 4.6.2019) die Schule wieder und n\u00fctzte die Tage auch zu Auftritten bei einem Classic-Festival und bei einer Messe sowie zu kurzen Besichtigungen von K\u00f6ln und Aachen. Und nat\u00fcrlich gab es sehr viele gemeinsame Unternehmungen, zwei Workshops und eine Matinee f\u00fcr und mit den \u00e4u\u00dferst netten M\u00e4dchen aus J\u00fclich. Vielleicht besuchen sie unsere Schule ja im kommenden Schuljahr!<\/p>\n<p>Einen ausf\u00fchrlichen Bericht samt Fotos finden Sie <a href=\"http:\/\/vialentia.at\/11417\" target=\"_blank\">HIER<\/a><\/p>\n<p><a href=\"http:\/\/www.brg14.at\/wp-content\/uploads\/IMG_9997_zugeschn.jpg\" rel=\"attachment wp-att-12098\"><img loading=\"lazy\" decoding=\"async\" src=\"http:\/\/www.brg14.at\/wp-content\/uploads\/IMG_9997_zugeschn-800x449.jpg\" alt=\"IMG_9997_zugeschn\" width=\"705\" height=\"396\" \/><\/a> <a href=\"http:\/\/www.brg14.at\/wp-content\/uploads\/IMG_0446_zugeschn.jpg\" rel=\"attachment wp-att-12097\"><img loading=\"lazy\" decoding=\"async\" src=\"http:\/\/www.brg14.at\/wp-content\/uploads\/IMG_0446_zugeschn-800x531.jpg\" alt=\"IMG_0446_zugeschn\" width=\"705\" height=\"468\" \/><\/a><\/p>\n","protected":false},"excerpt":{"rendered":"<p>Schon vor drei Jahren hatte der Chor auf der Fahrt zu einem Festival nach Belgien den Chor des M\u00e4dchengymnasiums J\u00fclich kennen und sch\u00e4tzen gelernt. Nun besuchte er (Do, 30.5. \u2013 Di, 4.6.2019) die Schule wieder und n\u00fctzte die Tage auch &hellip; <a class=\"more-link\" href=\"https:\/\/www.brg14.at\/?p=12096\">WEITERLESEN &#8230;<\/a><\/p>\n","protected":false},"author":3,"featured_media":0,"comment_status":"closed","ping_status":"closed","sticky":false,"template":"","format":"standard","meta":{"ngg_post_thumbnail":0,"footnotes":""},"categories":[1],"tags":[],"class_list":["post-12096","post","type-post","status-publish","format-standard","hentry","category-allgemein"],"_links":{"self":[{"href":"https:\/\/www.brg14.at\/index.php?rest_route=\/wp\/v2\/posts\/12096","targetHints":{"allow":["GET"]}}],"collection":[{"href":"https:\/\/www.brg14.at\/index.php?rest_route=\/wp\/v2\/posts"}],"about":[{"href":"https:\/\/www.brg14.at\/index.php?rest_route=\/wp\/v2\/types\/post"}],"author":[{"embeddable":true,"href":"https:\/\/www.brg14.at\/index.php?rest_route=\/wp\/v2\/users\/3"}],"replies":[{"embeddable":true,"href":"https:\/\/www.brg14.at\/index.php?rest_route=%2Fwp%2Fv2%2Fcomments&post=12096"}],"version-history":[{"count":6,"href":"https:\/\/www.brg14.at\/index.php?rest_route=\/wp\/v2\/posts\/12096\/revisions"}],"predecessor-version":[{"id":12552,"href":"https:\/\/www.brg14.at\/index.php?rest_route=\/wp\/v2\/posts\/12096\/revisions\/12552"}],"wp:attachment":[{"href":"https:\/\/www.brg14.at\/index.php?rest_route=%2Fwp%2Fv2%2Fmedia&parent=12096"}],"wp:term":[{"taxonomy":"category","embeddable":true,"href":"https:\/\/www.brg14.at\/index.php?rest_route=%2Fwp%2Fv2%2Fcategories&post=12096"},{"taxonomy":"post_tag","embeddable":true,"href":"https:\/\/www.brg14.at\/index.php?rest_route=%2Fwp%2Fv2%2Ftags&post=12096"}],"curies":[{"name":"wp","href":"https:\/\/api.w.org\/{rel}","templated":true}]}}