{"id":14981,"date":"2023-09-05T10:16:42","date_gmt":"2023-09-05T08:16:42","guid":{"rendered":"http:\/\/www.brg14.at\/?p=14981"},"modified":"2024-01-16T13:40:18","modified_gmt":"2024-01-16T11:40:18","slug":"brg14-linzer-strasse-geht-zum-weltweiten-klimastreik-am-15-09-2023","status":"publish","type":"post","link":"https:\/\/www.brg14.at\/?p=14981","title":{"rendered":"BRG 14 Linzer Stra\u00dfe geht zum Weltweiten Klimastreik am 15.09.2023"},"content":{"rendered":"<p>An den teilweise katastrophalen Naturereignissen dieses Sommers haben wir die Folgen des Klimawandels in ganz Europa beobachten k\u00f6nnen. Die Auseinandersetzung mit der (\u00f6sterreichischen) Klimapolitik und der Klimagerechtigkeitsbewegung ist ein h\u00f6chst aktuelles und wichtiges Thema. Sch\u00fclerinnen und Sch\u00fcler haben auf dem Klimastreik die M\u00f6glichkeit, das legale demokratiepolitische Instrument der Demonstration zu erleben, zu beobachten und kennenzulernen. Daher wollen wir Lehrer\/innen und Sch\u00fcler\/innen des BRG 14 Linzer Stra\u00dfe die M\u00f6glichkeit geben &#8211; im Rahmen einer schulbezogenen Veranstaltung &#8211; gemeinsam am weltweiten Klimastreik teilzunehmen, einer weltweiten, gro\u00dfen Protestveranstaltung f\u00fcr Klimaschutz, die u.a. von den <a href=\"https:\/\/fridaysforfuture.at\/\" target=\"_blank\" rel=\"noopener noreferrer\">Fridays for Future<\/a> organisiert wird, und am Freitag, den 15.09.2023, stattfindet.<\/p>\n<p><b>Geplanter Ablauf:<\/b><\/p>\n<ul>\n<li>Vorbereitung und Abfahrt von der Schule (3. Stunde)<\/li>\n<li>Treffpunkt mit anderen Schulen und Klassen \u2013 Teilnahme am Demozug<\/li>\n<li>Unterstufe: Ende ca. 14:00 vor der Schule<\/li>\n<li>Oberstufe: kann vor Ort entlassen werden<\/li>\n<li>Nachmittagsunterricht findet ab 14:30 (8. Schulstunde) nach Stundenplan statt<\/li>\n<\/ul>\n<p><b>Nat\u00fcrlich ist die Teilnahme freiwillig. Alle Sch\u00fcler\/innen, die nicht am Klimastreik teilnehmen wollen, werden in der Schule unterrichtet.<\/b><\/p>\n<ul>\n<li>Hier geht\u00b4s zum <a href=\"http:\/\/www.brg14.at\/wp-content\/uploads\/Anmeldeformular-Schulbezogene-Veranstaltung-Klimastreik_sw.pdf\" target=\"_blank\" rel=\"noopener noreferrer\">Anmeldeformular<\/a> &#8211; Abgabe bitte bis sp\u00e4testens Freitag, den 08.09.2023, beim Klassenvorstand.<\/li>\n<li>Hier findet ihr eine detaillierte Infobrosch\u00fcre zum Thema <a href=\"https:\/\/www.teachersforfuture.at\/images\/Infobroschu%CC%88re_Klimakrise_ohne_politischen_Teil.pdf\" target=\"_blank\" rel=\"noopener noreferrer\">Klimakrise.<\/a><\/li>\n<\/ul>\n","protected":false},"excerpt":{"rendered":"<p>An den teilweise katastrophalen Naturereignissen dieses Sommers haben wir die Folgen des Klimawandels in ganz Europa beobachten k\u00f6nnen. Die Auseinandersetzung mit der (\u00f6sterreichischen) Klimapolitik und der Klimagerechtigkeitsbewegung ist ein h\u00f6chst aktuelles und wichtiges Thema. Sch\u00fclerinnen und Sch\u00fcler haben auf dem &hellip; <a class=\"more-link\" href=\"https:\/\/www.brg14.at\/?p=14981\">WEITERLESEN &#8230;<\/a><\/p>\n","protected":false},"author":2,"featured_media":0,"comment_status":"closed","ping_status":"closed","sticky":false,"template":"","format":"standard","meta":{"ngg_post_thumbnail":0,"footnotes":""},"categories":[1],"tags":[],"class_list":["post-14981","post","type-post","status-publish","format-standard","hentry","category-allgemein"],"_links":{"self":[{"href":"https:\/\/www.brg14.at\/index.php?rest_route=\/wp\/v2\/posts\/14981","targetHints":{"allow":["GET"]}}],"collection":[{"href":"https:\/\/www.brg14.at\/index.php?rest_route=\/wp\/v2\/posts"}],"about":[{"href":"https:\/\/www.brg14.at\/index.php?rest_route=\/wp\/v2\/types\/post"}],"author":[{"embeddable":true,"href":"https:\/\/www.brg14.at\/index.php?rest_route=\/wp\/v2\/users\/2"}],"replies":[{"embeddable":true,"href":"https:\/\/www.brg14.at\/index.php?rest_route=%2Fwp%2Fv2%2Fcomments&post=14981"}],"version-history":[{"count":4,"href":"https:\/\/www.brg14.at\/index.php?rest_route=\/wp\/v2\/posts\/14981\/revisions"}],"predecessor-version":[{"id":15211,"href":"https:\/\/www.brg14.at\/index.php?rest_route=\/wp\/v2\/posts\/14981\/revisions\/15211"}],"wp:attachment":[{"href":"https:\/\/www.brg14.at\/index.php?rest_route=%2Fwp%2Fv2%2Fmedia&parent=14981"}],"wp:term":[{"taxonomy":"category","embeddable":true,"href":"https:\/\/www.brg14.at\/index.php?rest_route=%2Fwp%2Fv2%2Fcategories&post=14981"},{"taxonomy":"post_tag","embeddable":true,"href":"https:\/\/www.brg14.at\/index.php?rest_route=%2Fwp%2Fv2%2Ftags&post=14981"}],"curies":[{"name":"wp","href":"https:\/\/api.w.org\/{rel}","templated":true}]}}