{"id":15043,"date":"2023-09-25T09:55:16","date_gmt":"2023-09-25T07:55:16","guid":{"rendered":"http:\/\/www.brg14.at\/?p=15043"},"modified":"2023-09-25T09:55:16","modified_gmt":"2023-09-25T07:55:16","slug":"schueler-innen-besuchen-eine-vorfuehrung-des-aktuellen-films-von-guenther-schwaiger-wer-hat-angst-vor-braunau-im-votivkino-in-wien","status":"publish","type":"post","link":"https:\/\/www.brg14.at\/?p=15043","title":{"rendered":"Sch\u00fcler\/-innen besuchen eine Vorf\u00fchrung des aktuellen Films von G\u00fcnther Schwaiger: WER HAT ANGST VOR BRAUNAU im Votivkino in Wien"},"content":{"rendered":"<p>Sch\u00fcler\/-innen der Wahlpflichtf\u00e4cher Geschichte und Deutsch haben heute, am 20. September 2023 eine Vorf\u00fchrung des Films: \u201eWer hat Angst vor Braunau?\u201c im Votivkino besucht.<\/p>\n<p>Nach dem sehr k\u00fcnstlerischen Dokumentarfilm (es werden verschiedene Erz\u00e4hltechniken verwendet: Interviews und essayistisches Erz\u00e4hlen sowie Bilder aus einzelnen Archiven) gab es eine sehr interessante Diskussion mit dem Regisseur und der Produzentin und Drehkonzeptautorin \u00fcber das Thema:<\/p>\n<p><strong>Was soll mit Hitlers Geburtshaus geschehen:<\/strong><\/p>\n<ul>\n<li>Soll es abgerissen werden?<\/li>\n<li>Soll es sozialen Organisationen zur Verf\u00fcgung gestellt werden? (Lebenshilfe)<\/li>\n<li>Soll es eine Polizeistation werden?<\/li>\n<li>Inwieweit wird die Braunauer Bev\u00f6lkerung in den Entscheidungsprozess involviert?<\/li>\n<\/ul>\n<p>Darauf gab es viele h\u00f6renswerte Antworten, die wir an dieser Stelle gar nicht nennen wollen, da sich jeder Lesende selbst Antworten geben soll auf die Frage:<\/p>\n<p><strong>Wie gehen wir als \u00d6sterreicher\/-innen mit unserer Vergangenheit um?<\/strong><br \/>\n<strong>Was bedeutet Vergangenheitsbew\u00e4ltigung?<\/strong><\/p>\n<p>Es war eine gro\u00dfartige Vorstellung und wir danken den Sch\u00fcler\/-innen f\u00fcr ihr Diskussions \u2013 Engagement!<\/p>\n<p>Am Ende hat ihnen der Regisseur die Frage gestellt: Welche Geschichten k\u00f6nnt ihr von eurer Familie erz\u00e4hlen? Wie ging und geht eure Familie mit der Vergangenheit um?<\/p>\n<p>Es gab viele mutige Antworten!<br \/>\nDanke, dass wir solche Sch\u00fcler\/-innen haben!<br \/>\nMartina Partilla und Birgit Aschauer<\/p>\n","protected":false},"excerpt":{"rendered":"<p>Sch\u00fcler\/-innen der Wahlpflichtf\u00e4cher Geschichte und Deutsch haben heute, am 20. September 2023 eine Vorf\u00fchrung des Films: \u201eWer hat Angst vor Braunau?\u201c im Votivkino besucht. Nach dem sehr k\u00fcnstlerischen Dokumentarfilm (es werden verschiedene Erz\u00e4hltechniken verwendet: Interviews und essayistisches Erz\u00e4hlen sowie Bilder &hellip; <a class=\"more-link\" href=\"https:\/\/www.brg14.at\/?p=15043\">WEITERLESEN &#8230;<\/a><\/p>\n","protected":false},"author":2,"featured_media":0,"comment_status":"closed","ping_status":"closed","sticky":false,"template":"","format":"standard","meta":{"ngg_post_thumbnail":0,"footnotes":""},"categories":[1],"tags":[],"class_list":["post-15043","post","type-post","status-publish","format-standard","hentry","category-allgemein"],"_links":{"self":[{"href":"https:\/\/www.brg14.at\/index.php?rest_route=\/wp\/v2\/posts\/15043","targetHints":{"allow":["GET"]}}],"collection":[{"href":"https:\/\/www.brg14.at\/index.php?rest_route=\/wp\/v2\/posts"}],"about":[{"href":"https:\/\/www.brg14.at\/index.php?rest_route=\/wp\/v2\/types\/post"}],"author":[{"embeddable":true,"href":"https:\/\/www.brg14.at\/index.php?rest_route=\/wp\/v2\/users\/2"}],"replies":[{"embeddable":true,"href":"https:\/\/www.brg14.at\/index.php?rest_route=%2Fwp%2Fv2%2Fcomments&post=15043"}],"version-history":[{"count":1,"href":"https:\/\/www.brg14.at\/index.php?rest_route=\/wp\/v2\/posts\/15043\/revisions"}],"predecessor-version":[{"id":15044,"href":"https:\/\/www.brg14.at\/index.php?rest_route=\/wp\/v2\/posts\/15043\/revisions\/15044"}],"wp:attachment":[{"href":"https:\/\/www.brg14.at\/index.php?rest_route=%2Fwp%2Fv2%2Fmedia&parent=15043"}],"wp:term":[{"taxonomy":"category","embeddable":true,"href":"https:\/\/www.brg14.at\/index.php?rest_route=%2Fwp%2Fv2%2Fcategories&post=15043"},{"taxonomy":"post_tag","embeddable":true,"href":"https:\/\/www.brg14.at\/index.php?rest_route=%2Fwp%2Fv2%2Ftags&post=15043"}],"curies":[{"name":"wp","href":"https:\/\/api.w.org\/{rel}","templated":true}]}}