{"id":16105,"date":"2025-04-22T08:37:45","date_gmt":"2025-04-22T06:37:45","guid":{"rendered":"http:\/\/www.brg14.at\/?p=16105"},"modified":"2025-04-22T08:37:53","modified_gmt":"2025-04-22T06:37:53","slug":"sprachreise-cannes","status":"publish","type":"post","link":"https:\/\/www.brg14.at\/?p=16105","title":{"rendered":"Sprachreise Cannes"},"content":{"rendered":"\n<p>Vom 23. bis zum 29. M\u00e4rz hatten wir, der Gymnasium Teil der 7A, die M\u00f6glichkeit, eine Sprachreise in S\u00fcdfrankreich, an der C\u00f4te d`Azur, zu absolvieren. Wir wohnten in Cannes und besuchten auch dort die Sprachschule \u201ePierre Overall\u201c, in der wir unsere Franz\u00f6sisch-Kenntnisse vertiefen konnten. Vor allem fokussierten wir uns auf die Verbesserung unserer Aussprache und wie wir flie\u00dfender miteinander Dialoge f\u00fchren k\u00f6nnen.<\/p>\n\n\n\n<p>Zudem besuchten wir die umliegenden St\u00e4dte wie Antibes, Grasse, Nizza und Monaco, wobei uns der Altstadt-Flair in Antibes am meisten begeisterte. Auch das\u00a0Picasso-Museum war dort\u00a0ein Highlight.\u00a0Am Mittwoch genossen wir die vielen Sonnenstrahlen und das azurblaue Meerwasser auf der Insel \u201eSaint-Marguerite\u201c, auf der wir ein franz\u00f6sisches Picknick machten. Nat\u00fcrlich erkundeten wir auch die netten, engen\u00a0Gassen im Zentrum von Cannes, in denen wir viele kleine Postkarten und Souvenirs gekauft haben.<\/p>\n\n\n\n<p>Wir m\u00f6chten abschlie\u00dfend ein gro\u00dfes Dankesch\u00f6n an Prof. Ebner aussprechen, der diese Reise so gut organisiert hat und dazu beigetragen hat, dass diese Reise uns f\u00fcr immer in wundersch\u00f6ner Erinnerung bleiben wird. Wir m\u00f6chten uns auch bei Prof. Partilla f\u00fcr die nette Begleitung bedanken.<br \/><br \/>Une exp\u00e9rience merveilleuse !<br \/><\/p>\n\n\n\nngg_shortcode_0_placeholder\n\n\n\n<p><br \/>Daniel Nakielski im Namen der 7AG<\/p>\n","protected":false},"excerpt":{"rendered":"<p>Vom 23. bis zum 29. M\u00e4rz hatten wir, der Gymnasium Teil der 7A, die M\u00f6glichkeit, eine Sprachreise in S\u00fcdfrankreich, an der C\u00f4te d`Azur, zu absolvieren. Wir wohnten in Cannes und besuchten auch dort die Sprachschule \u201ePierre Overall\u201c, in der wir &hellip; <a class=\"more-link\" href=\"https:\/\/www.brg14.at\/?p=16105\">WEITERLESEN &#8230;<\/a><\/p>\n","protected":false},"author":2,"featured_media":0,"comment_status":"closed","ping_status":"closed","sticky":false,"template":"","format":"standard","meta":{"ngg_post_thumbnail":0,"footnotes":""},"categories":[1],"tags":[],"class_list":["post-16105","post","type-post","status-publish","format-standard","hentry","category-allgemein"],"_links":{"self":[{"href":"https:\/\/www.brg14.at\/index.php?rest_route=\/wp\/v2\/posts\/16105","targetHints":{"allow":["GET"]}}],"collection":[{"href":"https:\/\/www.brg14.at\/index.php?rest_route=\/wp\/v2\/posts"}],"about":[{"href":"https:\/\/www.brg14.at\/index.php?rest_route=\/wp\/v2\/types\/post"}],"author":[{"embeddable":true,"href":"https:\/\/www.brg14.at\/index.php?rest_route=\/wp\/v2\/users\/2"}],"replies":[{"embeddable":true,"href":"https:\/\/www.brg14.at\/index.php?rest_route=%2Fwp%2Fv2%2Fcomments&post=16105"}],"version-history":[{"count":2,"href":"https:\/\/www.brg14.at\/index.php?rest_route=\/wp\/v2\/posts\/16105\/revisions"}],"predecessor-version":[{"id":16111,"href":"https:\/\/www.brg14.at\/index.php?rest_route=\/wp\/v2\/posts\/16105\/revisions\/16111"}],"wp:attachment":[{"href":"https:\/\/www.brg14.at\/index.php?rest_route=%2Fwp%2Fv2%2Fmedia&parent=16105"}],"wp:term":[{"taxonomy":"category","embeddable":true,"href":"https:\/\/www.brg14.at\/index.php?rest_route=%2Fwp%2Fv2%2Fcategories&post=16105"},{"taxonomy":"post_tag","embeddable":true,"href":"https:\/\/www.brg14.at\/index.php?rest_route=%2Fwp%2Fv2%2Ftags&post=16105"}],"curies":[{"name":"wp","href":"https:\/\/api.w.org\/{rel}","templated":true}]}}